{"id":1929,"date":"2015-04-29T12:17:19","date_gmt":"2015-04-29T11:17:19","guid":{"rendered":"http:\/\/akj.fr\/?p=1929"},"modified":"2021-11-28T18:57:18","modified_gmt":"2021-11-28T17:57:18","slug":"oshiro-sensei-karate-goju-ryu","status":"publish","type":"post","link":"https:\/\/akj.fr\/?p=1929","title":{"rendered":"Ma rencontre avec Oshiro Sensei"},"content":{"rendered":"<p><a href=\"https:\/\/akj.fr\/wp-content\/uploads\/2015\/01\/Oshiro-Zenei-2.jpg\"><img loading=\"lazy\" decoding=\"async\" class=\"aligncenter size-full wp-image-1740\" src=\"https:\/\/akj.fr\/wp-content\/uploads\/2015\/01\/Oshiro-Zenei-2.jpg\" alt=\"Oshiro-Zenei - 2\" width=\"500\" height=\"375\" srcset=\"https:\/\/akj.fr\/wp-content\/uploads\/2015\/01\/Oshiro-Zenei-2.jpg 500w, https:\/\/akj.fr\/wp-content\/uploads\/2015\/01\/Oshiro-Zenei-2-300x225.jpg 300w, https:\/\/akj.fr\/wp-content\/uploads\/2015\/01\/Oshiro-Zenei-2-400x300.jpg 400w\" sizes=\"auto, (max-width: 500px) 100vw, 500px\" \/><\/a>De nos jours,<a href=\" https:\/\/akj.fr\/?p=380\"> le Karate<\/a> reste l&rsquo;un des Arts Martiaux le plus pratiqu\u00e9 au monde. Il est aussi celui qui pr\u00e9sente l<a href=\"http:\/\/fr.wikipedia.org\/wiki\/Karat\u00e9\">a plus grande diversit\u00e9 de styles,<\/a> dont chacun poss\u00e8de sa propre&nbsp;originalit\u00e9 et sa propre&nbsp;histoire.<br \/>\nVoici un aper\u00e7u du<a href=\"http:\/\/fr.wikipedia.org\/wiki\/G\u014dj\u016b-ry\u016b\"> Karate Goju-ryu,<\/a> d\u00e9couvert \u00e0 l&rsquo;occasion de ma 1\u00e8re rencontre avec Zenei Oshiro Sensei &nbsp;(8\u00e8me Dan de Karate, 8\u00e8me Dan de Kobudo, Responsable du Karate Goju Ryu \u00e0 la F\u00e9d\u00e9ration Fran\u00e7aise de Karate, <a href=\"http:\/\/www.ogse.eu\">Repr\u00e9sentant de l&rsquo;\u00e9cole Shodokan <\/a>pour toute l&rsquo;Europe et Expert technique) en 2005, lors d&rsquo;un stage qu&rsquo;il dirigeait \u00e0 La Colle-sur-Loup sur l&rsquo;invitation de deux amis: Gabriel Dalmas et Christophe Lefebvre.<br \/>\nLe Karate Goju-ryu puise son histoire et ses origines dans l&rsquo;\u00eele d&rsquo;Okinawa et dans ses proches voisins la Chine. Certains exercices sont ainsi les r\u00e9v\u00e9lateurs de ces influences. Par exemple &#8211; les mains collantes, appel\u00e9es \u00ab\u00a0Kakie\u00a0\u00bb pour Okinawa et \u00ab\u00a0Tuishou\u00a0\u00bb dans le travail des styles internes chinois du Tai Chi Chuan, ou bien encore les mains ouvertes, les d\u00e9placements circulaires qui rappellent le Bagua Zhang et ses formes spiral\u00e9es. Au-del\u00e0 de cette richesse ancestrale, ce qui m&rsquo;a imm\u00e9diatement interpell\u00e9 \u00e9tait le lien qu&rsquo;il \u00e9tait possible de faire avec l&rsquo;A\u00efkido &#8211; la fluidit\u00e9 dans le mouvement, l&rsquo;absorption de la force de l&rsquo;adversaire et l&rsquo;absence d&rsquo;opposition directe, le travail important sur la posture et l&rsquo;ensemble du corps, les mouvements circulaires et spiral\u00e9s, le r\u00e9pertoire technique dans les Bunkai proche de l&rsquo;A\u00efkido.<br \/>\n<a href=\"https:\/\/akj.fr\/wp-content\/uploads\/2018\/01\/Oshiro-et-Alain-2005-e1515523929418.jpeg\"><img loading=\"lazy\" decoding=\"async\" src=\"https:\/\/akj.fr\/wp-content\/uploads\/2018\/01\/Oshiro-et-Alain-2005-e1515523929418.jpeg\" alt=\"\" width=\"517\" height=\"517\" class=\"alignleft size-full wp-image-3959\"><\/a>Le niveau technique et p\u00e9dagogique de Sensei ainsi que sa l\u00e9gendaire bonne humeur ont fini de me convaincre. Apr\u00e8s une approche de deux ans, je fis part \u00e0 Sensei de mon intention de m&rsquo;investir davantage dans l&rsquo;\u00e9tude du Goju Ryu, non pas comme Karateka mais plut\u00f4t comme un A\u00efkidoka d\u00e9sireux d&rsquo;approfondir les fondements de cette discipline. Oshiro Sensei est une personne tr\u00e8s ouverte et il m&rsquo;encouragea vivement dans cette d\u00e9marche. Depuis 2005, c&rsquo;est toujours un r\u00e9el plaisir de le rencontrer et de travailler avec lui.<\/p>\n<p><em><strong>Kata Seisan par Oshiro Sensei<\/strong><\/em><\/p>\n<p><iframe loading=\"lazy\" width=\"560\" height=\"315\" src=\"\/\/www.youtube.com\/embed\/MZR9Ugm4nv4\"><\/iframe><\/p>\n","protected":false},"excerpt":{"rendered":"<p>De nos jours, le Karate reste l&rsquo;un des Arts Martiaux le plus pratiqu\u00e9 au monde. Il est aussi celui qui pr\u00e9sente la plus grande diversit\u00e9 de styles, dont chacun poss\u00e8de sa propre&nbsp;originalit\u00e9 et sa propre&nbsp;histoire. Voici un aper\u00e7u du Karate Goju-ryu, d\u00e9couvert \u00e0 l&rsquo;occasion de ma 1\u00e8re rencontre avec Zenei [&hellip;]<\/p>\n","protected":false},"author":2,"featured_media":1937,"comment_status":"closed","ping_status":"closed","sticky":false,"template":"","format":"video","meta":{"footnotes":""},"categories":[1,19,22],"tags":[79,80],"class_list":["post-1929","post","type-post","status-publish","format-video","has-post-thumbnail","hentry","category-accueil","category-actualite","category-textes-budo","tag-karate-goju-ryu","tag-zenei-oshiro","post_format-post-format-video"],"_links":{"self":[{"href":"https:\/\/akj.fr\/index.php?rest_route=\/wp\/v2\/posts\/1929","targetHints":{"allow":["GET"]}}],"collection":[{"href":"https:\/\/akj.fr\/index.php?rest_route=\/wp\/v2\/posts"}],"about":[{"href":"https:\/\/akj.fr\/index.php?rest_route=\/wp\/v2\/types\/post"}],"author":[{"embeddable":true,"href":"https:\/\/akj.fr\/index.php?rest_route=\/wp\/v2\/users\/2"}],"replies":[{"embeddable":true,"href":"https:\/\/akj.fr\/index.php?rest_route=%2Fwp%2Fv2%2Fcomments&post=1929"}],"version-history":[{"count":20,"href":"https:\/\/akj.fr\/index.php?rest_route=\/wp\/v2\/posts\/1929\/revisions"}],"predecessor-version":[{"id":5746,"href":"https:\/\/akj.fr\/index.php?rest_route=\/wp\/v2\/posts\/1929\/revisions\/5746"}],"wp:featuredmedia":[{"embeddable":true,"href":"https:\/\/akj.fr\/index.php?rest_route=\/wp\/v2\/media\/1937"}],"wp:attachment":[{"href":"https:\/\/akj.fr\/index.php?rest_route=%2Fwp%2Fv2%2Fmedia&parent=1929"}],"wp:term":[{"taxonomy":"category","embeddable":true,"href":"https:\/\/akj.fr\/index.php?rest_route=%2Fwp%2Fv2%2Fcategories&post=1929"},{"taxonomy":"post_tag","embeddable":true,"href":"https:\/\/akj.fr\/index.php?rest_route=%2Fwp%2Fv2%2Ftags&post=1929"}],"curies":[{"name":"wp","href":"https:\/\/api.w.org\/{rel}","templated":true}]}}