{"id":2988,"date":"2016-12-11T22:25:50","date_gmt":"2016-12-11T21:25:50","guid":{"rendered":"http:\/\/akj.fr\/?p=2988"},"modified":"2017-12-17T14:52:18","modified_gmt":"2017-12-17T13:52:18","slug":"felicitations","status":"publish","type":"post","link":"https:\/\/akj.fr\/?p=2988","title":{"rendered":"F\u00e9licitations!"},"content":{"rendered":"<p><a href=\"https:\/\/akj.fr\/wp-content\/uploads\/2016\/12\/ceinturenoire-N-M.jpg\"><img loading=\"lazy\" decoding=\"async\" class=\"aligncenter size-full wp-image-2996\" src=\"https:\/\/akj.fr\/wp-content\/uploads\/2016\/12\/ceinturenoire-N-M.jpg\" alt=\"\" width=\"1198\" height=\"694\" srcset=\"https:\/\/akj.fr\/wp-content\/uploads\/2016\/12\/ceinturenoire-N-M.jpg 1198w, https:\/\/akj.fr\/wp-content\/uploads\/2016\/12\/ceinturenoire-N-M-300x174.jpg 300w, https:\/\/akj.fr\/wp-content\/uploads\/2016\/12\/ceinturenoire-N-M-1024x593.jpg 1024w, https:\/\/akj.fr\/wp-content\/uploads\/2016\/12\/ceinturenoire-N-M-768x445.jpg 768w, https:\/\/akj.fr\/wp-content\/uploads\/2016\/12\/ceinturenoire-N-M-595x345.jpg 595w, https:\/\/akj.fr\/wp-content\/uploads\/2016\/12\/ceinturenoire-N-M-960x556.jpg 960w\" sizes=\"auto, (max-width: 1198px) 100vw, 1198px\" \/><\/a>Ont \u00e9t\u00e9 promus \u00e0 l\u2019examen national d\u2019A\u00efkido\u00a0UFA du mois de juin dernier, Nicolas Barnoin avec le grade de ceinture noire deuxi\u00e8me dan et son fr\u00e8re Mathieu, ceinture noire premier dan.<\/p>\n<p>Nicolas a commenc\u00e9 l\u2019A\u00efkido au club par la section enfant en 1998 \u00e0 l\u2019\u00e2ge de 7 ans. Il a franchi les \u00e9tapes successives et par la suite a int\u00e9gr\u00e9 la section adultes en 2006. Il obtient la ceinture noire UFA premier dan en 2010 et dans la continuit\u00e9 le titre de Deshi de l\u2019Universit\u00e9 des Arts Martiaux (UAM) en 2011. Nicolas avance \u00e0 son rythme, tranquillement mais s\u00fbrement.<\/p>\n<p>Mathieu a fait ses premiers pas sur les tatamis du club (un signe\u00a0?) quand sa m\u00e8re accompagnait son fr\u00e8re Nicolas aux cours enfants. Il a grandi et a rejoint \u00e0 son tour la section enfants \u00e0 l\u2019\u00e2ge de 4 ans puis est pass\u00e9 chez les ados et enfin a rejoint les adultes en 2011.<\/p>\n<p>Mathieu est rentr\u00e9 cette ann\u00e9e \u00e0 la fac de sports UFR-staps Nice et souhaite dans l\u2019avenir se consacrer \u00e0 l\u2019enseignement sportif.<\/p>\n<p><a href=\"https:\/\/akj.fr\/wp-content\/uploads\/2016\/12\/MathieuNicolas.jpg\"><img loading=\"lazy\" decoding=\"async\" class=\"aligncenter size-full wp-image-3000\" src=\"https:\/\/akj.fr\/wp-content\/uploads\/2016\/12\/MathieuNicolas.jpg\" alt=\"\" width=\"1200\" height=\"800\" srcset=\"https:\/\/akj.fr\/wp-content\/uploads\/2016\/12\/MathieuNicolas.jpg 1200w, https:\/\/akj.fr\/wp-content\/uploads\/2016\/12\/MathieuNicolas-595x397.jpg 595w, https:\/\/akj.fr\/wp-content\/uploads\/2016\/12\/MathieuNicolas-768x512.jpg 768w, https:\/\/akj.fr\/wp-content\/uploads\/2016\/12\/MathieuNicolas-960x640.jpg 960w\" sizes=\"auto, (max-width: 1200px) 100vw, 1200px\" \/><\/a><\/p>\n<p><a href=\"https:\/\/akj.fr\/wp-content\/uploads\/2016\/12\/Nicolas-Mathieu-petit.jpg\"><img loading=\"lazy\" decoding=\"async\" class=\"aligncenter size-thumbnail wp-image-3005\" src=\"https:\/\/akj.fr\/wp-content\/uploads\/2016\/12\/Nicolas-Mathieu-petit-1200x637.jpg\" alt=\"\" width=\"1200\" height=\"637\" srcset=\"https:\/\/akj.fr\/wp-content\/uploads\/2016\/12\/Nicolas-Mathieu-petit.jpg 1200w, https:\/\/akj.fr\/wp-content\/uploads\/2016\/12\/Nicolas-Mathieu-petit-595x316.jpg 595w, https:\/\/akj.fr\/wp-content\/uploads\/2016\/12\/Nicolas-Mathieu-petit-768x408.jpg 768w, https:\/\/akj.fr\/wp-content\/uploads\/2016\/12\/Nicolas-Mathieu-petit-960x510.jpg 960w\" sizes=\"auto, (max-width: 1200px) 100vw, 1200px\" \/><\/a><\/p>\n<p>&nbsp;<\/p>\n","protected":false},"excerpt":{"rendered":"<p>Ont \u00e9t\u00e9 promus \u00e0 l\u2019examen national d\u2019A\u00efkido\u00a0UFA du mois de juin dernier, Nicolas Barnoin avec le grade de ceinture noire deuxi\u00e8me dan et son fr\u00e8re Mathieu, ceinture noire premier dan. Nicolas a commenc\u00e9 l\u2019A\u00efkido au club par la section enfant en 1998 \u00e0 l\u2019\u00e2ge de 7 ans. Il a franchi [&hellip;]<\/p>\n","protected":false},"author":2,"featured_media":2996,"comment_status":"closed","ping_status":"closed","sticky":false,"template":"","format":"aside","meta":{"footnotes":""},"categories":[1,19],"tags":[],"class_list":["post-2988","post","type-post","status-publish","format-aside","has-post-thumbnail","hentry","category-accueil","category-actualite","post_format-post-format-aside"],"_links":{"self":[{"href":"https:\/\/akj.fr\/index.php?rest_route=\/wp\/v2\/posts\/2988","targetHints":{"allow":["GET"]}}],"collection":[{"href":"https:\/\/akj.fr\/index.php?rest_route=\/wp\/v2\/posts"}],"about":[{"href":"https:\/\/akj.fr\/index.php?rest_route=\/wp\/v2\/types\/post"}],"author":[{"embeddable":true,"href":"https:\/\/akj.fr\/index.php?rest_route=\/wp\/v2\/users\/2"}],"replies":[{"embeddable":true,"href":"https:\/\/akj.fr\/index.php?rest_route=%2Fwp%2Fv2%2Fcomments&post=2988"}],"version-history":[{"count":10,"href":"https:\/\/akj.fr\/index.php?rest_route=\/wp\/v2\/posts\/2988\/revisions"}],"predecessor-version":[{"id":3009,"href":"https:\/\/akj.fr\/index.php?rest_route=\/wp\/v2\/posts\/2988\/revisions\/3009"}],"wp:featuredmedia":[{"embeddable":true,"href":"https:\/\/akj.fr\/index.php?rest_route=\/wp\/v2\/media\/2996"}],"wp:attachment":[{"href":"https:\/\/akj.fr\/index.php?rest_route=%2Fwp%2Fv2%2Fmedia&parent=2988"}],"wp:term":[{"taxonomy":"category","embeddable":true,"href":"https:\/\/akj.fr\/index.php?rest_route=%2Fwp%2Fv2%2Fcategories&post=2988"},{"taxonomy":"post_tag","embeddable":true,"href":"https:\/\/akj.fr\/index.php?rest_route=%2Fwp%2Fv2%2Ftags&post=2988"}],"curies":[{"name":"wp","href":"https:\/\/api.w.org\/{rel}","templated":true}]}}