{"id":3721,"date":"2017-12-13T20:31:08","date_gmt":"2017-12-13T19:31:08","guid":{"rendered":"http:\/\/akj.fr\/?p=3721"},"modified":"2017-12-17T15:02:51","modified_gmt":"2017-12-17T14:02:51","slug":"antoine-chu-6eme-dan","status":"publish","type":"post","link":"https:\/\/akj.fr\/?p=3721","title":{"rendered":"Antoine CHU 6\u00e8me Dan"},"content":{"rendered":"<p><strong><a href=\"https:\/\/akj.fr\/wp-content\/uploads\/2017\/12\/remise-6eme-dan-au-club.jpg\"><img loading=\"lazy\" decoding=\"async\" src=\"https:\/\/akj.fr\/wp-content\/uploads\/2017\/12\/remise-6eme-dan-au-club.jpg\" alt=\"\" width=\"800\" height=\"138\" class=\"aligncenter size-full wp-image-3732\" srcset=\"https:\/\/akj.fr\/wp-content\/uploads\/2017\/12\/remise-6eme-dan-au-club.jpg 800w, https:\/\/akj.fr\/wp-content\/uploads\/2017\/12\/remise-6eme-dan-au-club-300x52.jpg 300w, https:\/\/akj.fr\/wp-content\/uploads\/2017\/12\/remise-6eme-dan-au-club-768x132.jpg 768w, https:\/\/akj.fr\/wp-content\/uploads\/2017\/12\/remise-6eme-dan-au-club-595x103.jpg 595w\" sizes=\"auto, (max-width: 800px) 100vw, 800px\" \/><\/a>Le V\u00e9sinet karat\u00e9 peut \u00eatre fier d&rsquo;avoir aujourd&rsquo;hui \u00e0 sa t\u00eate un professeur 6\u00e8me Dan.<\/strong><\/p>\n<p><em><strong>F\u00e9licitations \u00e0 Antoine CHU<\/strong> <\/em>pour l&rsquo;obtention de son 6\u00e8me Dan karat\u00e9 shotokan lors de l&rsquo;examen national, vendredi 8 d\u00e9cembre 2017.<\/p>\n<p>La ceinture lui \u00e0 \u00e9t\u00e9 remise par Francis Didier pr\u00e9sident de la F\u00e9d\u00e9ration Fran\u00e7aise de Karat\u00e9 et Disciplines Associ\u00e9es.<\/p>\n<p>Encore toutes nos f\u00e9licitations et bravo.<\/p>\n<p><a href=\"https:\/\/usvkarate.sportsregions.fr\">Le V\u00e9sinet karat\u00e9<\/a> est un club partenaire dans le cadre de nos recherches sur le Budo au sein de <a href=\"https:\/\/akj.fr\/?page_id=344\">l&rsquo;UAM-Universit\u00e9 des Arts Martiaux.<\/a><\/p>\n<p><a href=\"https:\/\/akj.fr\/wp-content\/uploads\/2017\/12\/Antoine-6dan-Francis-Didier.jpg\"><img loading=\"lazy\" decoding=\"async\" class=\"aligncenter size-full wp-image-3725\" src=\"https:\/\/akj.fr\/wp-content\/uploads\/2017\/12\/Antoine-6dan-Francis-Didier.jpg\" alt=\"\" width=\"720\" height=\"960\" srcset=\"https:\/\/akj.fr\/wp-content\/uploads\/2017\/12\/Antoine-6dan-Francis-Didier.jpg 720w, https:\/\/akj.fr\/wp-content\/uploads\/2017\/12\/Antoine-6dan-Francis-Didier-595x793.jpg 595w\" sizes=\"auto, (max-width: 720px) 100vw, 720px\" \/><\/a><\/p>\n<p>&nbsp;<\/p>\n","protected":false},"excerpt":{"rendered":"<p>Le V\u00e9sinet karat\u00e9 peut \u00eatre fier d&rsquo;avoir aujourd&rsquo;hui \u00e0 sa t\u00eate un professeur 6\u00e8me Dan. F\u00e9licitations \u00e0 Antoine CHU pour l&rsquo;obtention de son 6\u00e8me Dan karat\u00e9 shotokan lors de l&rsquo;examen national, vendredi 8 d\u00e9cembre 2017. La ceinture lui \u00e0 \u00e9t\u00e9 remise par Francis Didier pr\u00e9sident de la F\u00e9d\u00e9ration Fran\u00e7aise de [&hellip;]<\/p>\n","protected":false},"author":2,"featured_media":3732,"comment_status":"closed","ping_status":"closed","sticky":true,"template":"","format":"aside","meta":{"footnotes":""},"categories":[1],"tags":[],"class_list":["post-3721","post","type-post","status-publish","format-aside","has-post-thumbnail","hentry","category-accueil","post_format-post-format-aside"],"_links":{"self":[{"href":"https:\/\/akj.fr\/index.php?rest_route=\/wp\/v2\/posts\/3721","targetHints":{"allow":["GET"]}}],"collection":[{"href":"https:\/\/akj.fr\/index.php?rest_route=\/wp\/v2\/posts"}],"about":[{"href":"https:\/\/akj.fr\/index.php?rest_route=\/wp\/v2\/types\/post"}],"author":[{"embeddable":true,"href":"https:\/\/akj.fr\/index.php?rest_route=\/wp\/v2\/users\/2"}],"replies":[{"embeddable":true,"href":"https:\/\/akj.fr\/index.php?rest_route=%2Fwp%2Fv2%2Fcomments&post=3721"}],"version-history":[{"count":10,"href":"https:\/\/akj.fr\/index.php?rest_route=\/wp\/v2\/posts\/3721\/revisions"}],"predecessor-version":[{"id":3855,"href":"https:\/\/akj.fr\/index.php?rest_route=\/wp\/v2\/posts\/3721\/revisions\/3855"}],"wp:featuredmedia":[{"embeddable":true,"href":"https:\/\/akj.fr\/index.php?rest_route=\/wp\/v2\/media\/3732"}],"wp:attachment":[{"href":"https:\/\/akj.fr\/index.php?rest_route=%2Fwp%2Fv2%2Fmedia&parent=3721"}],"wp:term":[{"taxonomy":"category","embeddable":true,"href":"https:\/\/akj.fr\/index.php?rest_route=%2Fwp%2Fv2%2Fcategories&post=3721"},{"taxonomy":"post_tag","embeddable":true,"href":"https:\/\/akj.fr\/index.php?rest_route=%2Fwp%2Fv2%2Ftags&post=3721"}],"curies":[{"name":"wp","href":"https:\/\/api.w.org\/{rel}","templated":true}]}}