{"id":4169,"date":"2018-04-24T18:23:39","date_gmt":"2018-04-24T17:23:39","guid":{"rendered":"http:\/\/akj.fr\/?p=4169"},"modified":"2018-04-24T18:41:23","modified_gmt":"2018-04-24T17:41:23","slug":"1er-salon-international-du-sport-au-feminin","status":"publish","type":"post","link":"https:\/\/akj.fr\/?p=4169","title":{"rendered":"1er Salon International du Sport Au F\u00e9minin"},"content":{"rendered":"<table width=\"100%\" border=\"0\" cellpadding=\"0\" cellspacing=\"0\" class=\"rnb-container\" bgcolor=\"#ffffff\">\n<tbody>\n<tr>\n<td valign=\"top\" class=\"rnb-container-padding\" bgcolor=\"#ffffff\" align=\"left\">\n<table width=\"100%\" border=\"0\" cellpadding=\"0\" cellspacing=\"0\" class=\"rnb-columns-container\">\n<tbody>\n<tr>\n<td class=\"rnb-force-col\" width=\"550\" valign=\"top\">\n<table border=\"0\" valign=\"top\" cellspacing=\"0\" cellpadding=\"0\" align=\"left\" class=\"rnb-col-1\" width=\"550\">\n<tbody>\n<tr>\n<td width=\"100%\" class=\"img-block-center\" valign=\"top\" align=\"left\">\n<table width=\"100%\" cellspacing=\"0\" cellpadding=\"0\" border=\"0\">\n<tbody>\n<tr>\n<td width=\"100%\" valign=\"top\" align=\"left\" class=\"img-block-center\">\n<table cellspacing=\"0\" cellpadding=\"0\" border=\"0\">\n<tbody>\n<tr>\n<td>\n<div>\n<div><a target=\"_blank\" href=\"http:\/\/r.karatebushido.com\/mk\/cl\/4so5vM6nFMoVG9q1hVQ5N6mEDZTTbBq5_5lDKgdFXp0N8ey_vkvQcdB1OAsThcUpGyRLEOFWhAqXBYB3kU8eRsQuhlNtcQ8gP_aZwKVQL9Sbdw\" rel=\"noopener\"><img decoding=\"async\" width=\"550\" border=\"0\" hspace=\"0\" vspace=\"0\" alt=\"\" class=\"rnb-col-1-img\" src=\"http:\/\/img.mailinblue.com\/1582903\/images\/rnb\/original\/5adf0dc6bbddbd23eb083861.jpg\" \/><\/a><\/div>\n<div><\/div>\n<\/div>\n<\/td>\n<\/tr>\n<\/tbody>\n<\/table>\n<\/td>\n<\/tr>\n<\/tbody>\n<\/table>\n<\/td>\n<\/tr>\n<tr>\n<td height=\"10\" class=\"col_td_gap\"><\/td>\n<\/tr>\n<tr>\n<td><span><strong>Du 15 au 17 Juin 2018, le premier Salon International du Sport Au F\u00e9minin ouvre ses portes \u00e0 Paris ! L\u2019occasion de c\u00f4toyer les plus grandes sportives mais aussi de s\u2019essayer \u00e0 diff\u00e9rentes disciplines et de retrouver les marques qui ont fait le choix de valoriser les femmes, au sein des 11 000m2 du Hall 3 du Parc des expositions Porte de Versailles !<\/strong><br \/>\n<\/span><\/td>\n<\/tr>\n<tr>\n<td height=\"10\" class=\"col_td_gap\"><\/td>\n<\/tr>\n<tr>\n<td>\n<div>\n<div><strong>Des exposants au plus proche des femmes<\/strong><br \/>\nAu programme, une multiplicit\u00e9 de stands r\u00e9pondant \u00e0 tous les besoins, toutes les envies et les interrogations des femmes dans le sport seront pr\u00e9sents. De la collection de v\u00eatements de sports en passant par les accessoires astucieux pour mieux g\u00e9rer ses s\u00e9ances ou encore les compl\u00e9ments alimentaires bien-\u00eatre, les salles de sport o\u00f9 pratiquer la gym su\u00e9doise\u2026tous les exposants ont pour objectif de r\u00e9pondre aux attentes de la gent f\u00e9minine.<strong>Des espaces de d\u00e9monstrations<\/strong><br \/>\nParce que certaines femmes pensent \u00eatre cloisonn\u00e9es dans des sports \u00ab r\u00e9serv\u00e9s aux filles \u00bb, le SISAF a pour objectif de \u00ab casser les codes \u00bb et d\u00e9montrer que toutes les disciplines sportives sont accessibles aux femmes ! Sur le salon, des espaces leurs permettront de s\u2019initier aux sports de combats comme le Krav Maga ou le Body Karat\u00e9, mais \u00e9galement de d\u00e9couvrir le fitness sous de nouvelles formes avec le Piloxing ! Et pour varier les plaisirs du v\u00e9lo, des sessions d\u2019initiations BMX se tiendront pendant les trois journ\u00e9es !<strong>Des conf\u00e9rences pour toutes !<\/strong><br \/>\nEn parall\u00e8le, le SISAF accueillera 15 conf\u00e9rences qui aborderont des th\u00e9matiques vari\u00e9es autour des femmes et du sport, telles que \u00ab Les m\u00e9tiers sportifs au f\u00e9minin \u00bb ; \u00ab Sport &amp; Mixit\u00e9 \u00bb ; \u00ab Le sport comme vecteur de reconstruction sociale \u00bb ; \u00ab La place des hommes dans le milieu sportif f\u00e9minin \u00bb ; \u00ab \u00c9volution de la pratique sportive \u00bb ; \u00ab PARIS 2024 : Comment \u00eatre acteur de nos JO ? \u00bb. C\u2019est l\u2019occasion parfaite d\u2019apprendre et de partager sur des th\u00e8mes qui font l\u2019actualit\u00e9 des femmes mais aussi du sport en g\u00e9n\u00e9ral.<\/div>\n<div><strong><em>Pour suivre le lien, cliquez <a href=\"https:\/\/sisaf.fr\">ici<\/a> ou sur la photo.<\/em><\/strong><\/div>\n<\/div>\n<\/td>\n<\/tr>\n<\/tbody>\n<\/table>\n<\/td>\n<\/tr>\n<\/tbody>\n<\/table>\n<\/td>\n<\/tr>\n<\/tbody>\n<\/table>\n","protected":false},"excerpt":{"rendered":"<p>Du 15 au 17 Juin 2018, le premier Salon International du Sport Au F\u00e9minin ouvre ses portes \u00e0 Paris ! L\u2019occasion de c\u00f4toyer les plus grandes sportives mais aussi de s\u2019essayer \u00e0 diff\u00e9rentes disciplines et de retrouver les marques qui ont fait le choix de valoriser les femmes, au sein [&hellip;]<\/p>\n","protected":false},"author":2,"featured_media":0,"comment_status":"closed","ping_status":"closed","sticky":false,"template":"","format":"standard","meta":{"footnotes":""},"categories":[1],"tags":[],"class_list":["post-4169","post","type-post","status-publish","format-standard","hentry","category-accueil"],"_links":{"self":[{"href":"https:\/\/akj.fr\/index.php?rest_route=\/wp\/v2\/posts\/4169","targetHints":{"allow":["GET"]}}],"collection":[{"href":"https:\/\/akj.fr\/index.php?rest_route=\/wp\/v2\/posts"}],"about":[{"href":"https:\/\/akj.fr\/index.php?rest_route=\/wp\/v2\/types\/post"}],"author":[{"embeddable":true,"href":"https:\/\/akj.fr\/index.php?rest_route=\/wp\/v2\/users\/2"}],"replies":[{"embeddable":true,"href":"https:\/\/akj.fr\/index.php?rest_route=%2Fwp%2Fv2%2Fcomments&post=4169"}],"version-history":[{"count":6,"href":"https:\/\/akj.fr\/index.php?rest_route=\/wp\/v2\/posts\/4169\/revisions"}],"predecessor-version":[{"id":4176,"href":"https:\/\/akj.fr\/index.php?rest_route=\/wp\/v2\/posts\/4169\/revisions\/4176"}],"wp:attachment":[{"href":"https:\/\/akj.fr\/index.php?rest_route=%2Fwp%2Fv2%2Fmedia&parent=4169"}],"wp:term":[{"taxonomy":"category","embeddable":true,"href":"https:\/\/akj.fr\/index.php?rest_route=%2Fwp%2Fv2%2Fcategories&post=4169"},{"taxonomy":"post_tag","embeddable":true,"href":"https:\/\/akj.fr\/index.php?rest_route=%2Fwp%2Fv2%2Ftags&post=4169"}],"curies":[{"name":"wp","href":"https:\/\/api.w.org\/{rel}","templated":true}]}}