{"id":4254,"date":"2018-07-08T17:33:02","date_gmt":"2018-07-08T16:33:02","guid":{"rendered":"http:\/\/akj.fr\/?p=4254"},"modified":"2021-05-11T18:24:43","modified_gmt":"2021-05-11T17:24:43","slug":"fermeture-des-cours-juillet-et-aout","status":"publish","type":"post","link":"https:\/\/akj.fr\/?p=4254","title":{"rendered":"Fermeture des cours juillet et ao\u00fbt"},"content":{"rendered":"<p>Et voil\u00e0 ! la saison sportive 2017\/2018 se termine d\u00e9j\u00e0&#8230;L&rsquo;\u00e9t\u00e9 arrive et c&rsquo;est le moment des vacances. Les plus courageux feront peut-\u00eatre des stages d&rsquo;\u00e9t\u00e9, pendant que d&rsquo;autres pr\u00e9f\u00e9reront la plage et farniente \u00e0 l&rsquo;ombre d&rsquo;un parasol. Quel que soit votre choix, profitez pleinement de ces bon moments.<\/p>\n<p>F\u00e9licitations encore \u00e0 tous pout les progr\u00e8s que vous avez fait durant cette saison.<\/p>\n<p>La reprise des cours pour la saison 2018\/2019 se fera mi-septembre.<\/p>\n<p>Je vous souhaite \u00e0 tous un tr\u00e8s bel \u00e9t\u00e9.<\/p>\n<p>Alain<\/p>\n<p>&nbsp;<\/p>\n<p><a href=\"https:\/\/akj.fr\/wp-content\/uploads\/2018\/07\/plage-\u00e9t\u00e9.jpg\"><img loading=\"lazy\" decoding=\"async\" src=\"https:\/\/akj.fr\/wp-content\/uploads\/2018\/07\/plage-\u00e9t\u00e9-960x540.jpg\" alt=\"\" width=\"750\" height=\"422\" class=\"aligncenter size-large wp-image-4259\" srcset=\"https:\/\/akj.fr\/wp-content\/uploads\/2018\/07\/plage-\u00e9t\u00e9-960x540.jpg 960w, https:\/\/akj.fr\/wp-content\/uploads\/2018\/07\/plage-\u00e9t\u00e9-595x335.jpg 595w, https:\/\/akj.fr\/wp-content\/uploads\/2018\/07\/plage-\u00e9t\u00e9-768x432.jpg 768w, https:\/\/akj.fr\/wp-content\/uploads\/2018\/07\/plage-\u00e9t\u00e9.jpg 1280w\" sizes=\"auto, (max-width: 750px) 100vw, 750px\" \/><\/a><\/p>\n","protected":false},"excerpt":{"rendered":"<p>Et voil\u00e0 ! la saison sportive 2017\/2018 se termine d\u00e9j\u00e0&#8230;L&rsquo;\u00e9t\u00e9 arrive et c&rsquo;est le moment des vacances. Les plus courageux feront peut-\u00eatre des stages d&rsquo;\u00e9t\u00e9, pendant que d&rsquo;autres pr\u00e9f\u00e9reront la plage et farniente \u00e0 l&rsquo;ombre d&rsquo;un parasol. Quel que soit votre choix, profitez pleinement de ces bon moments. F\u00e9licitations encore [&hellip;]<\/p>\n","protected":false},"author":2,"featured_media":0,"comment_status":"closed","ping_status":"closed","sticky":false,"template":"","format":"standard","meta":{"footnotes":""},"categories":[1],"tags":[],"class_list":["post-4254","post","type-post","status-publish","format-standard","hentry","category-accueil"],"_links":{"self":[{"href":"https:\/\/akj.fr\/index.php?rest_route=\/wp\/v2\/posts\/4254","targetHints":{"allow":["GET"]}}],"collection":[{"href":"https:\/\/akj.fr\/index.php?rest_route=\/wp\/v2\/posts"}],"about":[{"href":"https:\/\/akj.fr\/index.php?rest_route=\/wp\/v2\/types\/post"}],"author":[{"embeddable":true,"href":"https:\/\/akj.fr\/index.php?rest_route=\/wp\/v2\/users\/2"}],"replies":[{"embeddable":true,"href":"https:\/\/akj.fr\/index.php?rest_route=%2Fwp%2Fv2%2Fcomments&post=4254"}],"version-history":[{"count":4,"href":"https:\/\/akj.fr\/index.php?rest_route=\/wp\/v2\/posts\/4254\/revisions"}],"predecessor-version":[{"id":5613,"href":"https:\/\/akj.fr\/index.php?rest_route=\/wp\/v2\/posts\/4254\/revisions\/5613"}],"wp:attachment":[{"href":"https:\/\/akj.fr\/index.php?rest_route=%2Fwp%2Fv2%2Fmedia&parent=4254"}],"wp:term":[{"taxonomy":"category","embeddable":true,"href":"https:\/\/akj.fr\/index.php?rest_route=%2Fwp%2Fv2%2Fcategories&post=4254"},{"taxonomy":"post_tag","embeddable":true,"href":"https:\/\/akj.fr\/index.php?rest_route=%2Fwp%2Fv2%2Ftags&post=4254"}],"curies":[{"name":"wp","href":"https:\/\/api.w.org\/{rel}","templated":true}]}}