{"id":4329,"date":"2018-10-17T00:02:10","date_gmt":"2018-10-16T23:02:10","guid":{"rendered":"http:\/\/akj.fr\/?p=4329"},"modified":"2021-11-28T18:38:01","modified_gmt":"2021-11-28T17:38:01","slug":"deux-activites-aikido-et-self-defense","status":"publish","type":"post","link":"https:\/\/akj.fr\/?p=4329","title":{"rendered":"Deux activit\u00e9s A\u00efkido et Self D\u00e9fense"},"content":{"rendered":"<h6><strong>Dimanche matin 21 octobre 2018 deux activit\u00e9s : A\u00efkido et Self-D\u00e9fense.<\/strong><\/h6>\n<p><span>Ce stage est ouvert aux pratiquants d&rsquo;A\u00efkido et \u00e0 tous les passionn\u00e9s d&rsquo;arts martiaux. Nous aborderons les deux disciplines.<\/span><br \/>\n<span>1) l&rsquo;A\u00efkido qui est un Budo \u00e0 la fois traditionnel et moderne que l&rsquo;on aime et que l&rsquo;on a choisi.<\/span><br \/>\n<span>2) la self-d\u00e9fense \u00e0 la vision plus pragmatique et \u00e9volutive qu&rsquo;un Budo dit classique.<\/span><br \/>\n<strong><em>Le but de ce stage est de cr\u00e9er une passerelle entre l&rsquo;A\u00efkido et une self-d\u00e9fense.<\/em><\/strong><\/p>\n<p><strong>Dojo<\/strong>: 20 rue Fran\u00e7ois Aune 06000 Nice<\/p>\n<p><strong>Horaires<\/strong>: 9h30 \u00e0 12h30<\/p>\n<p>9h30-11h00 <strong>A\u00efkido<\/strong> &nbsp;\/ &nbsp; 11h00-12h30 <strong>Self D\u00e9fense<\/strong><\/p>\n<p><strong>Participation :<\/strong>&nbsp;Gratuit pour les membres du club \/ Ext\u00e9rieur 15\u20ac<\/p>\n<p><a href=\"https:\/\/akj.fr\/wp-content\/uploads\/2018\/10\/A\u00efkido-et-Self-defense-21.10.2018.png\"><img loading=\"lazy\" decoding=\"async\" src=\"https:\/\/akj.fr\/wp-content\/uploads\/2018\/10\/A\u00efkido-et-Self-defense-21.10.2018.png\" alt=\"\" width=\"1024\" height=\"512\" class=\"aligncenter size-full wp-image-4331\" srcset=\"https:\/\/akj.fr\/wp-content\/uploads\/2018\/10\/A\u00efkido-et-Self-defense-21.10.2018.png 1024w, https:\/\/akj.fr\/wp-content\/uploads\/2018\/10\/A\u00efkido-et-Self-defense-21.10.2018-300x150.png 300w, https:\/\/akj.fr\/wp-content\/uploads\/2018\/10\/A\u00efkido-et-Self-defense-21.10.2018-768x384.png 768w, https:\/\/akj.fr\/wp-content\/uploads\/2018\/10\/A\u00efkido-et-Self-defense-21.10.2018-595x298.png 595w, https:\/\/akj.fr\/wp-content\/uploads\/2018\/10\/A\u00efkido-et-Self-defense-21.10.2018-960x480.png 960w\" sizes=\"auto, (max-width: 1024px) 100vw, 1024px\" \/><\/a><\/p>\n","protected":false},"excerpt":{"rendered":"<p>Dimanche matin 21 octobre 2018 deux activit\u00e9s : A\u00efkido et Self-D\u00e9fense. Ce stage est ouvert aux pratiquants d&rsquo;A\u00efkido et \u00e0 tous les passionn\u00e9s d&rsquo;arts martiaux. Nous aborderons les deux disciplines. 1) l&rsquo;A\u00efkido qui est un Budo \u00e0 la fois traditionnel et moderne que l&rsquo;on aime et que l&rsquo;on a choisi. [&hellip;]<\/p>\n","protected":false},"author":2,"featured_media":4331,"comment_status":"closed","ping_status":"closed","sticky":false,"template":"","format":"standard","meta":{"footnotes":""},"categories":[1,20],"tags":[94,70],"class_list":["post-4329","post","type-post","status-publish","format-standard","has-post-thumbnail","hentry","category-accueil","category-stages","tag-aikido","tag-self-defense-2"],"_links":{"self":[{"href":"https:\/\/akj.fr\/index.php?rest_route=\/wp\/v2\/posts\/4329","targetHints":{"allow":["GET"]}}],"collection":[{"href":"https:\/\/akj.fr\/index.php?rest_route=\/wp\/v2\/posts"}],"about":[{"href":"https:\/\/akj.fr\/index.php?rest_route=\/wp\/v2\/types\/post"}],"author":[{"embeddable":true,"href":"https:\/\/akj.fr\/index.php?rest_route=\/wp\/v2\/users\/2"}],"replies":[{"embeddable":true,"href":"https:\/\/akj.fr\/index.php?rest_route=%2Fwp%2Fv2%2Fcomments&post=4329"}],"version-history":[{"count":5,"href":"https:\/\/akj.fr\/index.php?rest_route=\/wp\/v2\/posts\/4329\/revisions"}],"predecessor-version":[{"id":5731,"href":"https:\/\/akj.fr\/index.php?rest_route=\/wp\/v2\/posts\/4329\/revisions\/5731"}],"wp:featuredmedia":[{"embeddable":true,"href":"https:\/\/akj.fr\/index.php?rest_route=\/wp\/v2\/media\/4331"}],"wp:attachment":[{"href":"https:\/\/akj.fr\/index.php?rest_route=%2Fwp%2Fv2%2Fmedia&parent=4329"}],"wp:term":[{"taxonomy":"category","embeddable":true,"href":"https:\/\/akj.fr\/index.php?rest_route=%2Fwp%2Fv2%2Fcategories&post=4329"},{"taxonomy":"post_tag","embeddable":true,"href":"https:\/\/akj.fr\/index.php?rest_route=%2Fwp%2Fv2%2Ftags&post=4329"}],"curies":[{"name":"wp","href":"https:\/\/api.w.org\/{rel}","templated":true}]}}