{"id":6159,"date":"2025-02-26T17:36:41","date_gmt":"2025-02-26T16:36:41","guid":{"rendered":"https:\/\/akj.fr\/?p=6159"},"modified":"2025-02-26T19:44:42","modified_gmt":"2025-02-26T18:44:42","slug":"preparation-1er-2e-dan","status":"publish","type":"post","link":"https:\/\/akj.fr\/?p=6159","title":{"rendered":"Pr\u00e9paration 1er\/2e Dan"},"content":{"rendered":"\n<p><strong>Le stage du dimanche matin 30 mars, pr\u00e9paration premier et deuxi\u00e8me Dan sera l&rsquo;occasion de travailler sur deux points. 1 ) sur les diff\u00e9rents temps d&rsquo;action dans un mouvement technique d&rsquo;A\u00efkido. 2 ) sur le catalogue technique du programme.<\/strong><\/p>\n\n\n\n<p><em> <strong>1 )  <\/strong>Les diff\u00e9rents temps d&rsquo;action dans un mouvement technique d&rsquo;a\u00efkido.<\/em><\/p>\n\n\n\n<p>0 &#8211;<strong> Position d&rsquo;attention <\/strong>: (Shisei \/ Kokyu \/ Kamae.)<\/p>\n\n\n\n<p> Ce temps fait r\u00e9f\u00e9rence \u00e0 la pr\u00e9paration int\u00e9rieure, \u00e0 l&rsquo;\u00e9tat d&rsquo;esprit et de vigilance dans lequel se trouve le pratiquant avant de commencer un mouvement.<\/p>\n\n\n\n<p>1 &#8211; <strong>Moment d&rsquo;intervention <\/strong>: (d\u00e9placement \/ placement avec Ma Ai, Irimi\/Tenkan.)<\/p>\n\n\n\n<p> Ce temps correspond \u00e0 un d\u00e9placement du corps pour se mettre dans une position favorable. Aussi il est commun\u00e9ment appel\u00e9 \u00ab\u00a0Tai sabaki.\u00a0\u00bb<\/p>\n\n\n\n<p>2 &#8211;<strong> Conduite du d\u00e9s\u00e9quilibre <\/strong>: (Kuzushi)<\/p>\n\n\n\n<p> C&rsquo;est le moment quand on d\u00e9s\u00e9quilibre uke \u00ab\u00a0l&rsquo;attaquant\u00a0\u00bb, quand on conduit, m\u00e8ne son attaque avec le tai sabaki et\/ou l&rsquo;atemi avant d&rsquo;appliquer une technique.<\/p>\n\n\n\n<p>3 &#8211; <strong>Technique :<\/strong> (Nage waza \/ katame waza.)<\/p>\n\n\n\n<p>Ce temps correspond \u00e0 la phase o\u00f9 on utilise une technique d&rsquo;immobilisation ou de projection.<\/p>\n\n\n\n<p>4 &#8211;<strong> Zanshin<\/strong> : ( vigilance \/ concentration.)<\/p>\n\n\n\n<p>Il s&rsquo;agit d&rsquo;un temps \u00e0 la fin de la technique o\u00f9 le pratiquant reste attentif aux intentions de uke ou des uke, en restant pr\u00eat \u00e0 r\u00e9agir \u00e0 tout changement de sa part.<\/p>\n\n\n\n<p> Bien \u00e9videmment, dans la pratique libre et continue, les diff\u00e9rents temps d&rsquo;action ne sont pas s\u00e9par\u00e9s de mani\u00e8re aussi marqu\u00e9e, mais dans ce sch\u00e9ma d&rsquo;\u00e9tude, ils permettent de comprendre les \u00e9tapes essentielles d&rsquo;un mouvement technique d&rsquo;a\u00efkido.<\/p>\n\n\n\n<p><\/p>\n\n\n\n<p><strong><em>2<\/em> ) <\/strong><em>On choisit un ou plusieurs th\u00e8mes dans le catalogue technique du programme 1er \/ 2e Dan<\/em><\/p>\n\n\n\n<ul class=\"wp-block-list\">\n<li>Suwari waza<\/li>\n\n\n\n<li>HD waza<\/li>\n\n\n\n<li>Tachi waza<\/li>\n\n\n\n<li>Ushiro waza<\/li>\n\n\n\n<li>Tanto dori<\/li>\n\n\n\n<li>Jo dori<\/li>\n\n\n\n<li>Randori<\/li>\n<\/ul>\n\n\n\n<p> Parmi les nombreux crit\u00e8res d&rsquo;\u00e9valuation lors de l&rsquo;examen du 1er et 2e dan nous retiendrons.<\/p>\n\n\n\n<ul class=\"wp-block-list\">\n<li>L&rsquo;ex\u00e9cution technique <\/li>\n\n\n\n<li> le r\u00f4le de uke<\/li>\n\n\n\n<li> l&rsquo;\u00e9tiquette<\/li>\n\n\n\n<li> l&rsquo;attitude<\/li>\n<\/ul>\n\n\n\n<p> pour en savoir plus sur le sch\u00e9ma d&rsquo;\u00e9tude :   <a href=\"https:\/\/akj.fr\/?p=618\">https:\/\/akj.fr\/?p=618<\/a><\/p>\n\n\n\n<figure class=\"wp-block-gallery has-nested-images columns-default is-cropped wp-block-gallery-1 is-layout-flex wp-block-gallery-is-layout-flex\">\n<figure class=\"wp-block-image size-large\"><img loading=\"lazy\" decoding=\"async\" width=\"940\" height=\"788\" data-id=\"6163\" src=\"https:\/\/akj.fr\/wp-content\/uploads\/2025\/02\/Prepa-1er2e-Dan-Mars-2025.png\" alt=\"\" class=\"wp-image-6163\" srcset=\"https:\/\/akj.fr\/wp-content\/uploads\/2025\/02\/Prepa-1er2e-Dan-Mars-2025.png 940w, https:\/\/akj.fr\/wp-content\/uploads\/2025\/02\/Prepa-1er2e-Dan-Mars-2025-300x251.png 300w, https:\/\/akj.fr\/wp-content\/uploads\/2025\/02\/Prepa-1er2e-Dan-Mars-2025-768x644.png 768w\" sizes=\"auto, (max-width: 940px) 100vw, 940px\" \/><\/figure>\n<\/figure>\n\n\n\n<p><\/p>\n","protected":false},"excerpt":{"rendered":"<p>Le stage du dimanche matin 30 mars, pr\u00e9paration premier et deuxi\u00e8me Dan sera l&rsquo;occasion de travailler sur deux points. 1 ) sur les diff\u00e9rents temps d&rsquo;action dans un mouvement technique d&rsquo;A\u00efkido. 2 ) sur le catalogue technique du programme. 1 ) Les diff\u00e9rents temps d&rsquo;action dans un mouvement technique d&rsquo;a\u00efkido. [&hellip;]<\/p>\n","protected":false},"author":2,"featured_media":6163,"comment_status":"closed","ping_status":"closed","sticky":false,"template":"","format":"standard","meta":{"footnotes":""},"categories":[1,19,20],"tags":[201,200,203,199],"class_list":["post-6159","post","type-post","status-publish","format-standard","has-post-thumbnail","hentry","category-accueil","category-actualite","category-stages","tag-1er-2e-dan","tag-preparation","tag-schema-detudes","tag-stages"],"_links":{"self":[{"href":"https:\/\/akj.fr\/index.php?rest_route=\/wp\/v2\/posts\/6159","targetHints":{"allow":["GET"]}}],"collection":[{"href":"https:\/\/akj.fr\/index.php?rest_route=\/wp\/v2\/posts"}],"about":[{"href":"https:\/\/akj.fr\/index.php?rest_route=\/wp\/v2\/types\/post"}],"author":[{"embeddable":true,"href":"https:\/\/akj.fr\/index.php?rest_route=\/wp\/v2\/users\/2"}],"replies":[{"embeddable":true,"href":"https:\/\/akj.fr\/index.php?rest_route=%2Fwp%2Fv2%2Fcomments&post=6159"}],"version-history":[{"count":8,"href":"https:\/\/akj.fr\/index.php?rest_route=\/wp\/v2\/posts\/6159\/revisions"}],"predecessor-version":[{"id":6172,"href":"https:\/\/akj.fr\/index.php?rest_route=\/wp\/v2\/posts\/6159\/revisions\/6172"}],"wp:featuredmedia":[{"embeddable":true,"href":"https:\/\/akj.fr\/index.php?rest_route=\/wp\/v2\/media\/6163"}],"wp:attachment":[{"href":"https:\/\/akj.fr\/index.php?rest_route=%2Fwp%2Fv2%2Fmedia&parent=6159"}],"wp:term":[{"taxonomy":"category","embeddable":true,"href":"https:\/\/akj.fr\/index.php?rest_route=%2Fwp%2Fv2%2Fcategories&post=6159"},{"taxonomy":"post_tag","embeddable":true,"href":"https:\/\/akj.fr\/index.php?rest_route=%2Fwp%2Fv2%2Ftags&post=6159"}],"curies":[{"name":"wp","href":"https:\/\/api.w.org\/{rel}","templated":true}]}}